{"id":614,"date":"2015-06-23T14:49:10","date_gmt":"2015-06-23T14:49:10","guid":{"rendered":"http:\/\/fragmentsliminaires.net\/?p=614"},"modified":"2020-02-15T15:02:42","modified_gmt":"2020-02-15T14:02:42","slug":"mirages-1-horizon-la-havane-vue-nord","status":"publish","type":"post","link":"https:\/\/fragmentsliminaires.net\/es\/2015\/06\/23\/mirages-1-horizon-la-havane-vue-nord\/","title":{"rendered":"espejismo(s) 1. horizonte (La Habana, vista Norte)"},"content":{"rendered":"<p><span style=\"color: #808080;\">2005, instalaci\u00f3n, proyecci\u00f3n v\u00eddeo continua, agua corriente, dimensiones variables<\/span><\/p>\n<p style=\"text-align: justify;\">En la pantalla se proyecta un paisaje con horizonte marino, la imagen ha sido grabada desde el Malec\u00f3n de La Habana, apuntando hacia el norte de la isla. Esta vista se refleja sobre el agua que corre por debajo y a lo largo de la pantalla de proyecci\u00f3n.<\/p>\n<div id=\"dc_vk_code\" style=\"display: none;\">&nbsp;<\/div>\n\n\n<div class=\"wp-block-image\"><figure class=\"aligncenter\"><a href=\"http:\/\/fragmentsliminaires.net\/wp-content\/uploads\/2015\/06\/miragesN1_1.jpg\" target=\"_blank\" rel=\"noreferrer noopener\"><img loading=\"lazy\" decoding=\"async\" width=\"1200\" height=\"900\" src=\"https:\/\/fragmentsliminaires.net\/wp-content\/uploads\/2015\/06\/miragesN1_1.jpg\" alt=\"\" class=\"wp-image-613\" srcset=\"https:\/\/fragmentsliminaires.net\/wp-content\/uploads\/2015\/06\/miragesN1_1.jpg 1200w, https:\/\/fragmentsliminaires.net\/wp-content\/uploads\/2015\/06\/miragesN1_1-300x225.jpg 300w, https:\/\/fragmentsliminaires.net\/wp-content\/uploads\/2015\/06\/miragesN1_1-1024x768.jpg 1024w\" sizes=\"auto, (max-width: 1200px) 100vw, 1200px\" \/><\/a><\/figure><\/div>\n\n\n\n<div class=\"wp-block-image\"><figure class=\"aligncenter\"><a href=\"http:\/\/fragmentsliminaires.net\/wp-content\/uploads\/2015\/06\/miragesN1_0.jpg\" target=\"_blank\" rel=\"noreferrer noopener\"><img loading=\"lazy\" decoding=\"async\" width=\"675\" height=\"900\" src=\"https:\/\/fragmentsliminaires.net\/wp-content\/uploads\/2015\/06\/miragesN1_0.jpg\" alt=\"\" class=\"wp-image-612\" srcset=\"https:\/\/fragmentsliminaires.net\/wp-content\/uploads\/2015\/06\/miragesN1_0.jpg 675w, https:\/\/fragmentsliminaires.net\/wp-content\/uploads\/2015\/06\/miragesN1_0-225x300.jpg 225w\" sizes=\"auto, (max-width: 675px) 100vw, 675px\" \/><\/a><\/figure><\/div>\n","protected":false},"excerpt":{"rendered":"<p>2005, instalaci\u00f3n, proyecci\u00f3n v\u00eddeo continua, agua corriente, dimensiones variables En la pantalla se proyecta un paisaje con horizonte marino, la imagen ha sido grabada desde el Malec\u00f3n de La Habana, apuntando hacia el norte de la isla. Esta vista se refleja sobre el agua que corre por debajo y a lo largo de la pantalla [&hellip;]<\/p>\n","protected":false},"author":1,"featured_media":613,"comment_status":"closed","ping_status":"closed","sticky":false,"template":"","format":"standard","meta":{"footnotes":""},"categories":[17,23,14,19],"tags":[34,35],"class_list":["post-614","post","type-post","status-publish","format-standard","has-post-thumbnail","hentry","category-insitu","category-autres","category-travaux","category-video-photo-film","tag-mirages","tag-series"],"translation":{"provider":"WPGlobus","version":"3.0.2","language":"es","enabled_languages":["fr","es","en"],"languages":{"fr":{"title":true,"content":true,"excerpt":false},"es":{"title":true,"content":true,"excerpt":false},"en":{"title":true,"content":true,"excerpt":false}}},"_links":{"self":[{"href":"https:\/\/fragmentsliminaires.net\/es\/wp-json\/wp\/v2\/posts\/614","targetHints":{"allow":["GET"]}}],"collection":[{"href":"https:\/\/fragmentsliminaires.net\/es\/wp-json\/wp\/v2\/posts"}],"about":[{"href":"https:\/\/fragmentsliminaires.net\/es\/wp-json\/wp\/v2\/types\/post"}],"author":[{"embeddable":true,"href":"https:\/\/fragmentsliminaires.net\/es\/wp-json\/wp\/v2\/users\/1"}],"replies":[{"embeddable":true,"href":"https:\/\/fragmentsliminaires.net\/es\/wp-json\/wp\/v2\/comments?post=614"}],"version-history":[{"count":17,"href":"https:\/\/fragmentsliminaires.net\/es\/wp-json\/wp\/v2\/posts\/614\/revisions"}],"predecessor-version":[{"id":3434,"href":"https:\/\/fragmentsliminaires.net\/es\/wp-json\/wp\/v2\/posts\/614\/revisions\/3434"}],"wp:featuredmedia":[{"embeddable":true,"href":"https:\/\/fragmentsliminaires.net\/es\/wp-json\/wp\/v2\/media\/613"}],"wp:attachment":[{"href":"https:\/\/fragmentsliminaires.net\/es\/wp-json\/wp\/v2\/media?parent=614"}],"wp:term":[{"taxonomy":"category","embeddable":true,"href":"https:\/\/fragmentsliminaires.net\/es\/wp-json\/wp\/v2\/categories?post=614"},{"taxonomy":"post_tag","embeddable":true,"href":"https:\/\/fragmentsliminaires.net\/es\/wp-json\/wp\/v2\/tags?post=614"}],"curies":[{"name":"wp","href":"https:\/\/api.w.org\/{rel}","templated":true}]}}