{"id":2488,"date":"2019-07-06T16:43:52","date_gmt":"2019-07-06T16:43:52","guid":{"rendered":"http:\/\/fragmentsliminaires.net\/?p=2488"},"modified":"2019-07-08T16:55:24","modified_gmt":"2019-07-08T16:55:24","slug":"le-fil-dalerte-prix-ricard-2019","status":"publish","type":"post","link":"https:\/\/fragmentsliminaires.net\/es\/2019\/07\/06\/le-fil-dalerte-prix-ricard-2019\/","title":{"rendered":"Le fil d\u2019alerte &#8211; Prix Ricard 2019"},"content":{"rendered":"\n<p>Fondation d\u2019Entreprise Ricard, Paris, 10 sept \u2013 26 oct. 2019<\/p>\n\n\n\n<p>Une proposition de Claire Le Restif.<\/p>\n\n\n\n<p>Vernissage 9 sept. 2019<\/p>\n\n\n\n<p><a href=\"https:\/\/www.fondation-entreprise-ricard.com\/evenement\/prix-2019-le-fil-dalerte\" target=\"_blank\" rel=\"noreferrer noopener\" aria-label=\"https:\/\/www.fondation-entreprise-ricard.com\/evenement\/prix-2019-le-fil-dalerte (s\u2019ouvre dans un nouvel onglet)\">https:\/\/www.fondation-entreprise-ricard.com\/evenement\/prix-2019-le-fil-dalerte<\/a><\/p>\n\n\n\n<div class=\"wp-block-image\"><figure class=\"aligncenter\"><img loading=\"lazy\" decoding=\"async\" width=\"891\" height=\"406\" src=\"https:\/\/fragmentsliminaires.net\/wp-content\/uploads\/2019\/07\/Capture-d\u2019e\u0301cran-2019-07-01-a\u0300-17.33.05.png\" alt=\"\" class=\"wp-image-2489\" srcset=\"https:\/\/fragmentsliminaires.net\/wp-content\/uploads\/2019\/07\/Capture-d\u2019e\u0301cran-2019-07-01-a\u0300-17.33.05.png 891w, https:\/\/fragmentsliminaires.net\/wp-content\/uploads\/2019\/07\/Capture-d\u2019e\u0301cran-2019-07-01-a\u0300-17.33.05-300x137.png 300w, https:\/\/fragmentsliminaires.net\/wp-content\/uploads\/2019\/07\/Capture-d\u2019e\u0301cran-2019-07-01-a\u0300-17.33.05-768x350.png 768w\" sizes=\"auto, (max-width: 891px) 100vw, 891px\" \/><\/figure><\/div>\n\n\n\n<p style=\"text-align:center\">Avec: Marcos Avila Forero (1983), Eva Barto (1987), Simon Boudvin (1979), Corentin Canesson (1988), Ga\u00eblle Choisne (1985), Kapwani Kiwanga (1978), Paul Maheke (1985), Estefania Pe\u00f1afiel Loaiza (1978), Sarah Tritz (1980).<\/p>\n\n\n\n<p class=\"has-medium-font-size\"><strong>Le fil d&#8217;alerte<\/strong><\/p>\n\n\n\n<p>Fil qui relie l\u2019araign\u00e9e \u00e0 sa toile pour la pr\u00e9venir qu\u2019un \u00e9v\u00e9nement vient\nd\u2019advenir, ce titre est une m\u00e9taphore de la relation que le curateur entretien\n\u00e0 son milieu. Il \u00e9voque \u00e9galement l\u2019attention que nous portons \u00e0 un contexte,\nde mani\u00e8re dynamique et alerte !<\/p>\n\n\n\n<p>La question pos\u00e9e par l\u2019exercice du Prix Ricard est motivante car elle\npropose de distinguer le travail d\u2019artistes comme autant de promesses. J\u2019ai\nchoisi pour ma part d\u2019y r\u00e9pondre en pr\u00e9cisant une photographie de la pluralit\u00e9\ndes voix qui s\u2019expriment, t\u00e9moins de la vitalit\u00e9 de la sc\u00e8ne artistique en\nFrance et de la vigueur des d\u00e9bats qu\u2019elle soul\u00e8ve.<\/p>\n\n\n\n<p>Elle est accueillante \u00e0 toutes les pratiques et \u00e0 toutes les \u00e9critures\nplastiques, de la peinture \u00e0 la performance, de la sculpture aux \u0153uvres\nfurtives, du dessin \u00e0 la photographie et la vid\u00e9o, sans hi\u00e9rarchie bien au\ncontraire.<\/p>\n\n\n\n<p>Tous les artistes qui constituent \u00ab Le fil d\u2019alerte \u00bb ont une attention au\nmonde et activent les consciences par des gestes sensibles et militants. En\nmusique nous dirions qu\u2019elle est polyphonique, c\u2019est-\u00e0-dire qu\u2019elle assemble\ndes voix sans pr\u00e9juger de leur nature. Leurs projets artistiques traduisent des\npositions pr\u00e9cises, qu\u2019elles soient celle de l\u2019artiste anthropologue, de\nl\u2019activiste, du passeur, du chercheur, de l\u2019\u00e9vocateur, du critique, pour\nlesquels l\u2019oralit\u00e9, l\u2019\u00e9cologie, la colonisation des territoires ou\/et des corps,\nla vision cosmologique du monde, les identit\u00e9s, le f\u00e9minisme, l\u2019\u00e9conomie, le\nqueer sont parties prenantes de leur travail.<\/p>\n\n\n\n<p>Mais on peut \u00e9galement dire que certains travaillent aussi \u00e0 s\u2019abstraire de\nces concepts qu\u2019ils entendent comme des cat\u00e9gories qui enferment et dont le\ntravail artistique ambitionne d\u2019en redessiner les contours.<\/p>\n\n\n\n<p>Bien qu\u2019elle ne se positionne pas comme une exposition collective\nth\u00e9matique, puisqu\u2019il s\u2019agit d\u2019un tout autre type de question pos\u00e9e par le\ncontexte d\u2019invitation, \u00ab Le fil d\u2019alerte \u00bb sera, je l\u2019esp\u00e8re, une exposition\nchorale (issue d\u2019une vision spirale) et faisant \u00ab communaut\u00e9 \u00bb.<\/p>\n\n\n\n<p>Claire Le Restif<\/p>\n","protected":false},"excerpt":{"rendered":"<p>Fondation d\u2019Entreprise Ricard, Paris, 10 sept \u2013 26 oct. 2019 Une proposition de Claire Le Restif. Vernissage 9 sept. 2019 https:\/\/www.fondation-entreprise-ricard.com\/evenement\/prix-2019-le-fil-dalerte Avec: Marcos Avila Forero (1983), Eva Barto (1987), Simon Boudvin (1979), Corentin Canesson (1988), Ga\u00eblle Choisne (1985), Kapwani Kiwanga (1978), Paul Maheke (1985), Estefania Pe\u00f1afiel Loaiza (1978), Sarah Tritz (1980). Le fil d&#8217;alerte Fil [&hellip;]<\/p>\n","protected":false},"author":1,"featured_media":2489,"comment_status":"closed","ping_status":"closed","sticky":false,"template":"","format":"standard","meta":{"footnotes":""},"categories":[49,41],"tags":[],"class_list":["post-2488","post","type-post","status-publish","format-standard","has-post-thumbnail","hentry","category-blog","category-expositions"],"translation":{"provider":"WPGlobus","version":"3.0.2","language":"es","enabled_languages":["fr","es","en"],"languages":{"fr":{"title":true,"content":true,"excerpt":false},"es":{"title":false,"content":false,"excerpt":false},"en":{"title":false,"content":false,"excerpt":false}}},"_links":{"self":[{"href":"https:\/\/fragmentsliminaires.net\/es\/wp-json\/wp\/v2\/posts\/2488","targetHints":{"allow":["GET"]}}],"collection":[{"href":"https:\/\/fragmentsliminaires.net\/es\/wp-json\/wp\/v2\/posts"}],"about":[{"href":"https:\/\/fragmentsliminaires.net\/es\/wp-json\/wp\/v2\/types\/post"}],"author":[{"embeddable":true,"href":"https:\/\/fragmentsliminaires.net\/es\/wp-json\/wp\/v2\/users\/1"}],"replies":[{"embeddable":true,"href":"https:\/\/fragmentsliminaires.net\/es\/wp-json\/wp\/v2\/comments?post=2488"}],"version-history":[{"count":4,"href":"https:\/\/fragmentsliminaires.net\/es\/wp-json\/wp\/v2\/posts\/2488\/revisions"}],"predecessor-version":[{"id":2493,"href":"https:\/\/fragmentsliminaires.net\/es\/wp-json\/wp\/v2\/posts\/2488\/revisions\/2493"}],"wp:featuredmedia":[{"embeddable":true,"href":"https:\/\/fragmentsliminaires.net\/es\/wp-json\/wp\/v2\/media\/2489"}],"wp:attachment":[{"href":"https:\/\/fragmentsliminaires.net\/es\/wp-json\/wp\/v2\/media?parent=2488"}],"wp:term":[{"taxonomy":"category","embeddable":true,"href":"https:\/\/fragmentsliminaires.net\/es\/wp-json\/wp\/v2\/categories?post=2488"},{"taxonomy":"post_tag","embeddable":true,"href":"https:\/\/fragmentsliminaires.net\/es\/wp-json\/wp\/v2\/tags?post=2488"}],"curies":[{"name":"wp","href":"https:\/\/api.w.org\/{rel}","templated":true}]}}