{"id":1878,"date":"2016-06-06T10:00:30","date_gmt":"2016-06-06T10:00:30","guid":{"rendered":"http:\/\/fragmentsliminaires.net\/?p=1878"},"modified":"2017-02-08T18:48:36","modified_gmt":"2017-02-08T18:48:36","slug":"exposition-contexto-palabra-escritura-y-narracion-en-el-arte-contemporaneo","status":"publish","type":"post","link":"https:\/\/fragmentsliminaires.net\/en\/2016\/06\/06\/exposition-contexto-palabra-escritura-y-narracion-en-el-arte-contemporaneo\/","title":{"rendered":"exposition &#8220;ConTexto. Palabra, escritura y narraci\u00f3n en el arte contempor\u00e1neo&#8221;"},"content":{"rendered":"<p><span id=\"yiv2107401598yui_3_16_0_ym19_1_1464167594106_161419\"><span id=\"yiv2107401598yui_3_16_0_ym19_1_1464167594106_161420\"><span id=\"yiv2107401598yui_3_16_0_ym19_1_1464167594106_161430\" style=\"color: #444444; font-family: Trebuchet MS,Arial,Helvetica,sans-serif; font-size: medium;\"><a href=\"http:\/\/fragmentsliminaires.net\/wp-content\/uploads\/2016\/06\/BANNER-CONTEXTO-021.jpg\"><img loading=\"lazy\" decoding=\"async\" class=\"alignleft size-full wp-image-1863\" src=\"https:\/\/fragmentsliminaires.net\/wp-content\/uploads\/2016\/06\/BANNER-CONTEXTO-021.jpg\" alt=\"BANNER+CONTEXTO-02(1)\" width=\"800\" height=\"294\" data-id=\"1863\" srcset=\"https:\/\/fragmentsliminaires.net\/wp-content\/uploads\/2016\/06\/BANNER-CONTEXTO-021.jpg 800w, https:\/\/fragmentsliminaires.net\/wp-content\/uploads\/2016\/06\/BANNER-CONTEXTO-021-300x110.jpg 300w\" sizes=\"auto, (max-width: 800px) 100vw, 800px\" \/><\/a><br id=\"yiv2107401598yui_3_16_0_ym19_1_1464167594106_161432\" clear=\"none\" \/> <br id=\"yiv2107401598yui_3_16_0_ym19_1_1464167594106_161433\" clear=\"none\" \/> <strong id=\"yiv2107401598yui_3_16_0_ym19_1_1464167594106_161434\"><a id=\"yiv2107401598yui_3_16_0_ym19_1_1464167594106_173323\" class=\"yiv2107401598edited-link-editor\" href=\"http:\/\/www.udea.edu.co\/wps\/portal\/udea\/web\/inicio\/cultura\/museo-universitario\/exposiciones\/contenido\/asmenulateral\/temporales\/%21ut\/p\/z1\/xVJdb4IwFP0r88FH0vJRLI9E3SYTcREn8GI6LNqFUoRizH79SpYs080ZE5L16d7k3NNzzz0gARFICnJgWyKZKEiu-jix19gZGrprwWkwChB07dH4MdRN72EBweoUAJ90BXgez2dhMJyPPAMkN83_BLTz8MJzIXgBCUjSQpZyB-JSVJLkzYaSPiT1abcTnH7WaZPLplIFb2oq7pqCHWhVM0kqJvqQHktRs1StT2uFFYWkBduIloLTosmJpBXJ-1BSrj4gOa1bBWXKNiCmFrUgcgzNxLahWaaONEytVHMyGxGKMqTMAd41S5TnRuUP_a2iJXKnsSITIPpSAqITJSD6pkSNsrf9PnGVJy3-KEH0T6asWlsuLmp69uBvgAvtcwCG-F6FK5yOraUPYYDOAb-k71p-YpW_wcVrGBZY3HjeK4SoY8IJ7JrQ7pqw65Vd42bCki-XHJso32LpTNhEI68Ymqg8vIcZ5-uZ7_Z6H-WNRs4%21\/dz\/d5\/L2dBISEvZ0FBIS9nQSEh\/?urile=wcm%3Apath%3A%2FPortalUdeA%2FasPortalUdeA%2FasHomeUdeA%2FCultura%2FMuseo%20universitario%2FExposiciones%2FContenido%2FasMenuLateral%2Ftemporales\" target=\"_blank\" rel=\"nofollow\" shape=\"rect\">Museo de la Universidad de Antioquia and Sala U<\/a>, School of Architecture, Universidad Nacional, Medellin, Colombia<\/strong> <br id=\"yiv2107401598yui_3_16_0_ym19_1_1464167594106_161435\" clear=\"none\" \/> <br id=\"yiv2107401598yui_3_16_0_ym19_1_1464167594106_161436\" clear=\"none\" \/> <strong id=\"yiv2107401598yui_3_16_0_ym19_1_1464167594106_161437\">Curators: <\/strong>Francine Birbragher-\u00adRozencwaig, PhD and Oscar Rold\u00e1n-\u00adAlzate MG.<\/span><\/span><\/span><\/p>\n<p dir=\"ltr\">Entender la escritura como un fin en s\u00ed mismo capaz de expresar no solo ideas, sino maneras de pensar y ver el mundo. Entender la escritura como una manifestaci\u00f3n de vida, cultura e historia. Unir la escritura con el arte y reconocer la capacidad que tiene ambas de expresar m\u00faltiples visiones del mundo a trav\u00e9s de la historia. En definitiva las palabras y la imagen son un veh\u00edculo que expresa las condiciones humanas y la capacidad individual y colectiva de percibir el mundo que se habita y reconoce como propio.<\/p>\n<p dir=\"ltr\">La exposici\u00f3n ConTexto. Palabra, escritura y narraci\u00f3n en el arte contempor\u00e1neo es una exposici\u00f3n que se dedica a mostrar la importaci\u00f3n de la cooperaci\u00f3n entre la palabra y la imagen a trav\u00e9s de la historia como un proceso constante pero mutable.<\/p>\n<p dir=\"ltr\">Hasta el 24 de junio puedes visitar esta exposici\u00f3n en el primer piso del Museo Universitario de la Universidad de Antioquia. Te esperamos.<\/p>\n<p dir=\"ltr\"><strong>Para estar enterado <\/strong>de noticias, pr\u00f3ximas exposiciones y dem\u00e1s actividades del museo, visita nuestra web <a href=\"http:\/\/museo.udea.edu.co\">http:\/\/museo.udea.edu.co<\/a>. Estamos tambi\u00e9n en <a href=\"https:\/\/www.facebook.com\/MuseoUdeA\">Facebook,<\/a> <a href=\"https:\/\/twitter.com\/MuseoUdeA\">Twitter<\/a>, <a href=\"https:\/\/www.youtube.com\/channel\/UCEhHtBqVKf4V_aZfJ_OpHEQ\">YouTube<\/a> y <a href=\"https:\/\/www.flickr.com\/photos\/museoudea\/\">Flickr<\/a>.<br \/>\nSobre el ingreso al MUUA: La entrada es libre, los visitantes externos a la Universidad de Antioquia deben comunicarse con 24 horas de antelaci\u00f3n al tel\u00e9fono 219 8186, para proporcionar sus datos y asegurar el ingreso al campus universitario.<\/p>\n<p dir=\"ltr\"><strong>Mayores informes<\/strong><br \/>\nmuseo@udea.edu.co<br \/>\ncomunicacionesmuseo@udea.edu.co<br \/>\n(57) (4) 219 51 80<\/p>\n<p dir=\"ltr\"><a href=\"http:\/\/museo.udea.edu.co\">http:\/\/museo.udea.edu.co<\/a><\/p>\n<p>Museo Universidad de Antioquia \u2013 MUUA<br \/>\nCalle 67 N\u00ba 53-108, bloque 15.<br \/>\nCiudad Universitaria, Universidad de Antioquia.<\/p>\n","protected":false},"excerpt":{"rendered":"<p>Museo de la Universidad de Antioquia and Sala U, School of Architecture, Universidad Nacional, Medellin, Colombia Curators: Francine Birbragher-\u00adRozencwaig, PhD and Oscar Rold\u00e1n-\u00adAlzate MG. Entender la escritura como un fin en s\u00ed mismo capaz de expresar no solo ideas, sino maneras de pensar y ver el mundo. Entender la escritura como una manifestaci\u00f3n de vida, [&hellip;]<\/p>\n","protected":false},"author":1,"featured_media":1883,"comment_status":"closed","ping_status":"open","sticky":false,"template":"","format":"standard","meta":{"footnotes":""},"categories":[49,41],"tags":[],"class_list":["post-1878","post","type-post","status-publish","format-standard","has-post-thumbnail","hentry","category-blog","category-expositions"],"translation":{"provider":"WPGlobus","version":"3.0.2","language":"en","enabled_languages":["fr","es","en"],"languages":{"fr":{"title":true,"content":true,"excerpt":false},"es":{"title":false,"content":false,"excerpt":false},"en":{"title":false,"content":false,"excerpt":false}}},"_links":{"self":[{"href":"https:\/\/fragmentsliminaires.net\/en\/wp-json\/wp\/v2\/posts\/1878","targetHints":{"allow":["GET"]}}],"collection":[{"href":"https:\/\/fragmentsliminaires.net\/en\/wp-json\/wp\/v2\/posts"}],"about":[{"href":"https:\/\/fragmentsliminaires.net\/en\/wp-json\/wp\/v2\/types\/post"}],"author":[{"embeddable":true,"href":"https:\/\/fragmentsliminaires.net\/en\/wp-json\/wp\/v2\/users\/1"}],"replies":[{"embeddable":true,"href":"https:\/\/fragmentsliminaires.net\/en\/wp-json\/wp\/v2\/comments?post=1878"}],"version-history":[{"count":7,"href":"https:\/\/fragmentsliminaires.net\/en\/wp-json\/wp\/v2\/posts\/1878\/revisions"}],"predecessor-version":[{"id":1918,"href":"https:\/\/fragmentsliminaires.net\/en\/wp-json\/wp\/v2\/posts\/1878\/revisions\/1918"}],"wp:featuredmedia":[{"embeddable":true,"href":"https:\/\/fragmentsliminaires.net\/en\/wp-json\/wp\/v2\/media\/1883"}],"wp:attachment":[{"href":"https:\/\/fragmentsliminaires.net\/en\/wp-json\/wp\/v2\/media?parent=1878"}],"wp:term":[{"taxonomy":"category","embeddable":true,"href":"https:\/\/fragmentsliminaires.net\/en\/wp-json\/wp\/v2\/categories?post=1878"},{"taxonomy":"post_tag","embeddable":true,"href":"https:\/\/fragmentsliminaires.net\/en\/wp-json\/wp\/v2\/tags?post=1878"}],"curies":[{"name":"wp","href":"https:\/\/api.w.org\/{rel}","templated":true}]}}