{"id":1641,"date":"2016-01-29T15:42:23","date_gmt":"2016-01-29T14:42:23","guid":{"rendered":"http:\/\/fragmentsliminaires.net\/?p=1641"},"modified":"2023-09-30T12:28:58","modified_gmt":"2023-09-30T11:28:58","slug":"presentation-du-livre-estefania-penafiel-loaiza-fragments-liminaires","status":"publish","type":"post","link":"https:\/\/fragmentsliminaires.net\/en\/2016\/01\/29\/presentation-du-livre-estefania-penafiel-loaiza-fragments-liminaires\/","title":{"rendered":"livre \u00ab Estefan\u00eda Pe\u00f1afiel Loaiza : fragments liminaires \u00bb"},"content":{"rendered":"<p><a href=\"http:\/\/www.lespressesdureel.com\/ouvrage.php?id=3927&amp;menu=1\" target=\"_blank\" rel=\"noopener noreferrer\"><img loading=\"lazy\" decoding=\"async\" class=\" wp-image-989 size-full aligncenter\" src=\"https:\/\/fragmentsliminaires.net\/wp-content\/uploads\/2015\/06\/livreFLdef.png\" alt=\"\" data-id=\"989\" width=\"334\" height=\"335\" srcset=\"https:\/\/fragmentsliminaires.net\/wp-content\/uploads\/2015\/06\/livreFLdef.png 334w, https:\/\/fragmentsliminaires.net\/wp-content\/uploads\/2015\/06\/livreFLdef-150x150.png 150w, https:\/\/fragmentsliminaires.net\/wp-content\/uploads\/2015\/06\/livreFLdef-300x300.png 300w\" sizes=\"auto, (max-width: 334px) 100vw, 334px\" \/><\/a><\/p>\n<h2 class=\"titre\"><i>fragments liminaires <\/i><\/h2>\n<h3>Estefan\u00eda Pe\u00f1afiel Loaiza<\/h3>\n<div class=\"auteur\">\n<div class=\"responsabilite\" style=\"padding-left: 90px;\">Edit\u00e9 par Marc Lenot.<\/div>\n<div class=\"responsabilite\" style=\"padding-left: 90px;\">Textes de Lupe \u00c1lvarez, Raphael Cuir, Nathalie Giraudeau, Marc Lenot.<\/div>\n<div class=\"line-height\" style=\"padding-left: 90px;\">paru en juin 2015, \u00e9dition trilingue (fran\u00e7ais \/ anglais \/ espagnol),<\/div>\n<div class=\"line-height\" style=\"padding-left: 90px;\">20 x 26 cm (broch\u00e9, couv. \u00e0 rabats), 208 pages (ill. coul. et n&amp;b)<\/div>\n<div class=\"isbn\" style=\"padding-left: 90px;\">ISBN : 978-2-84066-799-5<\/div>\n<div class=\"ean\" style=\"padding-left: 90px;\">EAN : 9782840667995<\/div>\n<div class=\"ean\" style=\"padding-left: 90px;\"><\/div>\n<\/div>\n<div class=\"collection\" style=\"padding-left: 90px;\"><span style=\"color: #808080;\">Les presses du r\u00e9el \u2013 domaine <i>Art contemporain<\/i> \u2013 collection <i>Monographies<\/i><\/span><\/div>\n<p>Sommaire :<\/p>\n<div class=\"bio\">\n<div class=\"extrait\" style=\"padding-left: 90px;\">Pr\u00e9face \/ Preface \/ Prefacio<br \/>\nRaphael Cuir Avant-propos \/ Foreword \/ Pr\u00f3logo<br \/>\nNathalie Giraudeau Estefan\u00eda Pe\u00f1afiel Loaiza : Politique et po\u00e9tique de la disparition \/ Estefan\u00eda Pe\u00f1afiel Loaiza: the Politics and Poetics of Disappearance \/ Estefan\u00eda Pe\u00f1afiel Loaiza : pol\u00edtica y po\u00e9tica de la desaparici\u00f3n<br \/>\nMarc Lenot Regarder ailleurs, regarder diff\u00e9remment, regarder encore\u2026 \/ An outward gaze, a different gaze, a persistent gaze&#8230; \/ Mirar hacia fuera, mirar de otro modo, seguir mirando\u2026<br \/>\nLupe \u00c1lvarez \u0152uvres \/ Works \/ Obras Liste des \u0153uvres \/ List of works \/ Lista de obras Estefan\u00eda Pe\u00f1afiel Loaiza &#8211; Biographie \/ Biography \/ Biograf\u00eda Cr\u00e9dits photographiques \/ photo credits \/ cr\u00e9ditos fotogr\u00e1ficos<\/div>\n<\/div>\n<div class=\"extrait\"><\/div>\n<div class=\"extrait\">\n<h4 class=\"titre\">Informations compl\u00e9mentaires sur le site de la maison d&#8217;\u00e9dition, <a href=\"http:\/\/www.lespressesdureel.com\/ouvrage.php?id=3927&amp;menu=1\" target=\"_blank\" rel=\"noopener noreferrer\"><span style=\"color: #0000ff;\">Les Presses du r\u00e9el<\/span><\/a>.<\/h4>\n<\/div>\n<div class=\"bio\">\n<div class=\"extrait\" style=\"padding-left: 90px; text-align: center;\"><span style=\"color: #ffffff;\">. <\/span><\/div>\n<div class=\"extrait\">\n<hr>\n<\/div>\n<\/div>\n<div class=\"bio\" style=\"text-align: center;\"><\/div>\n<div class=\"bio\" style=\"text-align: center;\"><\/div>\n","protected":false},"excerpt":{"rendered":"<p>fragments liminaires Estefan\u00eda Pe\u00f1afiel Loaiza Edit\u00e9 par Marc Lenot. Textes de Lupe \u00c1lvarez, Raphael Cuir, Nathalie Giraudeau, Marc Lenot. paru en juin 2015, \u00e9dition trilingue (fran\u00e7ais \/ anglais \/ espagnol), 20 x 26 cm (broch\u00e9, couv. \u00e0 rabats), 208 pages (ill. coul. et n&amp;b) ISBN : 978-2-84066-799-5 EAN : 9782840667995 Les presses du r\u00e9el \u2013 [&hellip;]<\/p>\n","protected":false},"author":1,"featured_media":5489,"comment_status":"closed","ping_status":"open","sticky":true,"template":"","format":"standard","meta":{"footnotes":""},"categories":[49,43],"tags":[],"class_list":["post-1641","post","type-post","status-publish","format-standard","has-post-thumbnail","hentry","category-blog","category-publications-catalogues-monographies"],"translation":{"provider":"WPGlobus","version":"3.0.2","language":"en","enabled_languages":["fr","es","en"],"languages":{"fr":{"title":true,"content":true,"excerpt":false},"es":{"title":false,"content":false,"excerpt":false},"en":{"title":false,"content":false,"excerpt":false}}},"_links":{"self":[{"href":"https:\/\/fragmentsliminaires.net\/en\/wp-json\/wp\/v2\/posts\/1641","targetHints":{"allow":["GET"]}}],"collection":[{"href":"https:\/\/fragmentsliminaires.net\/en\/wp-json\/wp\/v2\/posts"}],"about":[{"href":"https:\/\/fragmentsliminaires.net\/en\/wp-json\/wp\/v2\/types\/post"}],"author":[{"embeddable":true,"href":"https:\/\/fragmentsliminaires.net\/en\/wp-json\/wp\/v2\/users\/1"}],"replies":[{"embeddable":true,"href":"https:\/\/fragmentsliminaires.net\/en\/wp-json\/wp\/v2\/comments?post=1641"}],"version-history":[{"count":15,"href":"https:\/\/fragmentsliminaires.net\/en\/wp-json\/wp\/v2\/posts\/1641\/revisions"}],"predecessor-version":[{"id":2762,"href":"https:\/\/fragmentsliminaires.net\/en\/wp-json\/wp\/v2\/posts\/1641\/revisions\/2762"}],"wp:featuredmedia":[{"embeddable":true,"href":"https:\/\/fragmentsliminaires.net\/en\/wp-json\/wp\/v2\/media\/5489"}],"wp:attachment":[{"href":"https:\/\/fragmentsliminaires.net\/en\/wp-json\/wp\/v2\/media?parent=1641"}],"wp:term":[{"taxonomy":"category","embeddable":true,"href":"https:\/\/fragmentsliminaires.net\/en\/wp-json\/wp\/v2\/categories?post=1641"},{"taxonomy":"post_tag","embeddable":true,"href":"https:\/\/fragmentsliminaires.net\/en\/wp-json\/wp\/v2\/tags?post=1641"}],"curies":[{"name":"wp","href":"https:\/\/api.w.org\/{rel}","templated":true}]}}